{"id":33670,"date":"2025-11-24T14:53:36","date_gmt":"2025-11-24T13:53:36","guid":{"rendered":"https:\/\/www.joab.se\/?p=33670"},"modified":"2025-11-25T09:02:12","modified_gmt":"2025-11-25T08:02:12","slug":"joab-inaugurates-new-production-facility","status":"publish","type":"post","link":"https:\/\/www.joab.se\/en\/joab-inaugurates-new-production-facility\/","title":{"rendered":"JOAB inaugurates new production facility"},"content":{"rendered":"<div id=\"pl-33670\"  class=\"panel-layout\" ><div id=\"pg-33670-0\"  class=\"panel-grid panel-no-style\" ><div id=\"pgc-33670-0-0\"  class=\"panel-grid-cell\" ><div id=\"panel-33670-0-0-0\" class=\"so-panel widget widget_sow-editor panel-first-child panel-last-child\" data-index=\"0\" ><div\n\t\t\t\n\t\t\tclass=\"so-widget-sow-editor so-widget-sow-editor-base\"\n\t\t\t\n\t\t>\n<div class=\"siteorigin-widget-tinymce textwidget\">\n\t<h2><strong>JOAB inaugurates new production facility in Blomsterm\u00e5la \u2013 doubling capacity for refuse collection vehicles<\/strong><\/h2>\n<p><strong>On 21 November, JOAB officially inaugurated its new production facility in Blomsterm\u00e5la. The investment of just over 2,000 square metres will double the company\u2019s capacity to build refuse collection vehicles, strengthening JOAB\u2019s ability to meet the growing demand for modern refuse collection vehicles in Sweden.<\/strong><\/p>\n<p>Among the attendees were representatives from M\u00f6nster\u00e5s Municipality, M\u00f6nster\u00e5s Utveckling, local companies and JOAB employees. The initiative has been made possible through close collaboration with M\u00f6nster\u00e5s Utveckling, the owner of the facility.<\/p>\n<p>\u2013 <em>This is a significant day for JOAB and for Blomsterm\u00e5la. The market for refuse collection vehicles is growing rapidly, and we are growing with it. This new facility is a clear step in our ambition to meet market needs and continue developing here in the region,<\/em> says Stefan Hartz\u00e9n, CEO of JOAB.<\/p>\n<p>&nbsp;<\/p>\n<p><strong>Doubled capacity for refuse collection vehicles<br \/>\n<\/strong>The new facility enables JOAB to increase production from 3 to 6 chassis assemblies per week. A full doubling of capacity for refuse collection vehicles.<br \/>\nThe facility will now manage all preparatory chassis assembly before the refuse collection vehicles are moved to the adjacent production hall for body mounting, final assembly and final testing.<\/p>\n<p>&nbsp;<\/p>\n<p><strong>Modern and functional production environment<br \/>\n<\/strong>Work on the new facility began in June and was completed by October. A fast and efficient process.<br \/>\nThe building includes an assembly hall, lunchroom, changing rooms, conference room and office space, providing JOAB with improved conditions to further develop its refuse collection vehicle operations.<\/p>\n<p>\u2013 <em>This is about more than new space. It\u2019s about confidence in the future and strengthening JOAB\u2019s long-term presence in Blomsterm\u00e5la,<\/em> says Stefan Hartz\u00e9n.<\/p>\n<p>&nbsp;<\/p>\n<p><strong>Continuing a long tradition and a close partnership<br \/>\n<\/strong>Blomsterm\u00e5la has a long tradition of refuse collection vehicle manufacturing, and JOAB is now building on that heritage. With production, service, engineering and sales gathered in one place, the area forms a strong and efficient hub for JOAB\u2019s refuse collection vehicle operations.<\/p>\n<p>This investment has been made possible through close cooperation with M\u00f6nster\u00e5s Utveckling, the owner of the facility.<\/p>\n<p>\u2013 <em>Without M\u00f6nster\u00e5s Utveckling, this establishment could not have been completed at the same pace. Their commitment has been essential,<\/em> says Stefan Hartz\u00e9n.<\/p>\n<p>&nbsp;<\/p>\n<div id=\"attachment_33660\" style=\"width: 876px\" class=\"wp-caption alignnone\"><img aria-describedby=\"caption-attachment-33660\" loading=\"lazy\" decoding=\"async\" class=\"wp-image-33660\" src=\"https:\/\/www.joab.se\/wp-content\/uploads\/2025\/11\/JOAB-Blomstermala-1024x797.jpg\" alt=\"\" width=\"866\" height=\"674\" srcset=\"https:\/\/www.joab.se\/wp-content\/uploads\/2025\/11\/JOAB-Blomstermala-1024x797.jpg 1024w, https:\/\/www.joab.se\/wp-content\/uploads\/2025\/11\/JOAB-Blomstermala-300x234.jpg 300w, https:\/\/www.joab.se\/wp-content\/uploads\/2025\/11\/JOAB-Blomstermala-768x598.jpg 768w, https:\/\/www.joab.se\/wp-content\/uploads\/2025\/11\/JOAB-Blomstermala-1536x1196.jpg 1536w, https:\/\/www.joab.se\/wp-content\/uploads\/2025\/11\/JOAB-Blomstermala-2048x1594.jpg 2048w, https:\/\/www.joab.se\/wp-content\/uploads\/2025\/11\/JOAB-Blomstermala-1920x1494.jpg 1920w, https:\/\/www.joab.se\/wp-content\/uploads\/2025\/11\/JOAB-Blomstermala-1000x778.jpg 1000w\" sizes=\"auto, (max-width: 866px) 100vw, 866px\" \/><p id=\"caption-attachment-33660\" class=\"wp-caption-text\">Anders Johansson (C), Municipal Commissioner of M\u00f6nster\u00e5s Municipality, Kiirsti Lindhagen, CEO of MUAB, and Stefan Hartz\u00e9n, CEO of JOAB.<\/p><\/div>\n<p>&nbsp;<\/p>\n<\/div>\n<\/div><\/div><\/div><\/div><div id=\"pg-33670-1\"  class=\"panel-grid panel-no-style\" ><div id=\"pgc-33670-1-0\"  class=\"panel-grid-cell panel-grid-cell-empty\" ><\/div><\/div><\/div>","protected":false},"excerpt":{"rendered":"<p>On 21 November, JOAB officially inaugurated its new production facility in Blomsterm\u00e5la. The investment of just over 2,000 square metres will double the company\u2019s capacity to build refuse collection vehicles, strengthening JOAB\u2019s ability to meet the growing demand for modern refuse collection vehicles in Sweden.<\/p>\n","protected":false},"author":2,"featured_media":33661,"comment_status":"closed","ping_status":"open","sticky":false,"template":"","format":"standard","meta":{"footnotes":""},"categories":[45],"tags":[],"class_list":["post-33670","post","type-post","status-publish","format-standard","has-post-thumbnail","hentry","category-allmant"],"yoast_head":"<!-- This site is optimized with the Yoast SEO plugin v27.4 - https:\/\/yoast.com\/product\/yoast-seo-wordpress\/ -->\n<title>JOAB inaugurates new production facility - JOAB<\/title>\n<meta name=\"description\" content=\"JOAB inaugurates new production facility in Blomsterm\u00e5la \u2013 doubling capacity for refuse collection vehicles.\" \/>\n<meta name=\"robots\" content=\"index, follow, max-snippet:-1, max-image-preview:large, max-video-preview:-1\" \/>\n<link rel=\"canonical\" href=\"https:\/\/www.joab.se\/en\/joab-inaugurates-new-production-facility\/\" \/>\n<meta property=\"og:locale\" content=\"en_US\" \/>\n<meta property=\"og:type\" content=\"article\" \/>\n<meta property=\"og:title\" content=\"JOAB inaugurates new production facility - JOAB\" \/>\n<meta property=\"og:description\" content=\"JOAB inaugurates new production facility in Blomsterm\u00e5la \u2013 doubling capacity for refuse collection vehicles.\" \/>\n<meta property=\"og:url\" content=\"https:\/\/www.joab.se\/en\/joab-inaugurates-new-production-facility\/\" \/>\n<meta property=\"og:site_name\" content=\"JOAB\" \/>\n<meta property=\"article:publisher\" content=\"https:\/\/www.facebook.com\/joabsverige\/\" \/>\n<meta property=\"article:published_time\" content=\"2025-11-24T13:53:36+00:00\" \/>\n<meta property=\"article:modified_time\" content=\"2025-11-25T08:02:12+00:00\" \/>\n<meta property=\"og:image\" content=\"https:\/\/www.joab.se\/wp-content\/uploads\/2025\/11\/JOAB-Blomstermala-scaled.jpg\" \/>\n\t<meta property=\"og:image:width\" content=\"2560\" \/>\n\t<meta property=\"og:image:height\" content=\"1993\" \/>\n\t<meta property=\"og:image:type\" content=\"image\/jpeg\" \/>\n<meta name=\"author\" content=\"Elvira Masovic\" \/>\n<meta name=\"twitter:card\" content=\"summary_large_image\" \/>\n<meta name=\"twitter:label1\" content=\"Written by\" \/>\n\t<meta name=\"twitter:data1\" content=\"Elvira Masovic\" \/>\n\t<meta name=\"twitter:label2\" content=\"Est. reading time\" \/>\n\t<meta name=\"twitter:data2\" content=\"1 minute\" \/>\n<script type=\"application\/ld+json\" class=\"yoast-schema-graph\">{\"@context\":\"https:\\\/\\\/schema.org\",\"@graph\":[{\"@type\":\"Article\",\"@id\":\"https:\\\/\\\/www.joab.se\\\/en\\\/joab-inaugurates-new-production-facility\\\/#article\",\"isPartOf\":{\"@id\":\"https:\\\/\\\/www.joab.se\\\/en\\\/joab-inaugurates-new-production-facility\\\/\"},\"author\":{\"name\":\"Elvira Masovic\",\"@id\":\"https:\\\/\\\/www.joab.se\\\/#\\\/schema\\\/person\\\/b78ffaec3716e4791fb38ee61ab5a968\"},\"headline\":\"JOAB inaugurates new production facility\",\"datePublished\":\"2025-11-24T13:53:36+00:00\",\"dateModified\":\"2025-11-25T08:02:12+00:00\",\"mainEntityOfPage\":{\"@id\":\"https:\\\/\\\/www.joab.se\\\/en\\\/joab-inaugurates-new-production-facility\\\/\"},\"wordCount\":415,\"publisher\":{\"@id\":\"https:\\\/\\\/www.joab.se\\\/#organization\"},\"image\":{\"@id\":\"https:\\\/\\\/www.joab.se\\\/en\\\/joab-inaugurates-new-production-facility\\\/#primaryimage\"},\"thumbnailUrl\":\"https:\\\/\\\/www.joab.se\\\/wp-content\\\/uploads\\\/2025\\\/11\\\/JOAB-Blomstermala-scaled.jpg\",\"articleSection\":[\"Allm\u00e4nt\"],\"inLanguage\":\"en-US\"},{\"@type\":\"WebPage\",\"@id\":\"https:\\\/\\\/www.joab.se\\\/en\\\/joab-inaugurates-new-production-facility\\\/\",\"url\":\"https:\\\/\\\/www.joab.se\\\/en\\\/joab-inaugurates-new-production-facility\\\/\",\"name\":\"JOAB inaugurates new production facility - JOAB\",\"isPartOf\":{\"@id\":\"https:\\\/\\\/www.joab.se\\\/#website\"},\"primaryImageOfPage\":{\"@id\":\"https:\\\/\\\/www.joab.se\\\/en\\\/joab-inaugurates-new-production-facility\\\/#primaryimage\"},\"image\":{\"@id\":\"https:\\\/\\\/www.joab.se\\\/en\\\/joab-inaugurates-new-production-facility\\\/#primaryimage\"},\"thumbnailUrl\":\"https:\\\/\\\/www.joab.se\\\/wp-content\\\/uploads\\\/2025\\\/11\\\/JOAB-Blomstermala-scaled.jpg\",\"datePublished\":\"2025-11-24T13:53:36+00:00\",\"dateModified\":\"2025-11-25T08:02:12+00:00\",\"description\":\"JOAB inaugurates new production facility in Blomsterm\u00e5la \u2013 doubling capacity for refuse collection vehicles.\",\"breadcrumb\":{\"@id\":\"https:\\\/\\\/www.joab.se\\\/en\\\/joab-inaugurates-new-production-facility\\\/#breadcrumb\"},\"inLanguage\":\"en-US\",\"potentialAction\":[{\"@type\":\"ReadAction\",\"target\":[\"https:\\\/\\\/www.joab.se\\\/en\\\/joab-inaugurates-new-production-facility\\\/\"]}]},{\"@type\":\"ImageObject\",\"inLanguage\":\"en-US\",\"@id\":\"https:\\\/\\\/www.joab.se\\\/en\\\/joab-inaugurates-new-production-facility\\\/#primaryimage\",\"url\":\"https:\\\/\\\/www.joab.se\\\/wp-content\\\/uploads\\\/2025\\\/11\\\/JOAB-Blomstermala-scaled.jpg\",\"contentUrl\":\"https:\\\/\\\/www.joab.se\\\/wp-content\\\/uploads\\\/2025\\\/11\\\/JOAB-Blomstermala-scaled.jpg\",\"width\":2560,\"height\":1993},{\"@type\":\"BreadcrumbList\",\"@id\":\"https:\\\/\\\/www.joab.se\\\/en\\\/joab-inaugurates-new-production-facility\\\/#breadcrumb\",\"itemListElement\":[{\"@type\":\"ListItem\",\"position\":1,\"name\":\"Home\",\"item\":\"https:\\\/\\\/www.joab.se\\\/en\\\/\"},{\"@type\":\"ListItem\",\"position\":2,\"name\":\"JOAB inaugurates new production facility\"}]},{\"@type\":\"WebSite\",\"@id\":\"https:\\\/\\\/www.joab.se\\\/#website\",\"url\":\"https:\\\/\\\/www.joab.se\\\/\",\"name\":\"JOAB\",\"description\":\"En till WordPress-webbplats\",\"publisher\":{\"@id\":\"https:\\\/\\\/www.joab.se\\\/#organization\"},\"potentialAction\":[{\"@type\":\"SearchAction\",\"target\":{\"@type\":\"EntryPoint\",\"urlTemplate\":\"https:\\\/\\\/www.joab.se\\\/?s={search_term_string}\"},\"query-input\":{\"@type\":\"PropertyValueSpecification\",\"valueRequired\":true,\"valueName\":\"search_term_string\"}}],\"inLanguage\":\"en-US\"},{\"@type\":\"Organization\",\"@id\":\"https:\\\/\\\/www.joab.se\\\/#organization\",\"name\":\"JOAB F\u00f6rs\u00e4ljnings AB\",\"url\":\"https:\\\/\\\/www.joab.se\\\/\",\"logo\":{\"@type\":\"ImageObject\",\"inLanguage\":\"en-US\",\"@id\":\"https:\\\/\\\/www.joab.se\\\/#\\\/schema\\\/logo\\\/image\\\/\",\"url\":\"https:\\\/\\\/www.joab.se\\\/wp-content\\\/uploads\\\/2023\\\/02\\\/logo_storre.png\",\"contentUrl\":\"https:\\\/\\\/www.joab.se\\\/wp-content\\\/uploads\\\/2023\\\/02\\\/logo_storre.png\",\"width\":3100,\"height\":889,\"caption\":\"JOAB F\u00f6rs\u00e4ljnings AB\"},\"image\":{\"@id\":\"https:\\\/\\\/www.joab.se\\\/#\\\/schema\\\/logo\\\/image\\\/\"},\"sameAs\":[\"https:\\\/\\\/www.facebook.com\\\/joabsverige\\\/\",\"https:\\\/\\\/www.instagram.com\\\/joab.se\\\/?hl=sv\",\"https:\\\/\\\/www.linkedin.com\\\/company\\\/joab-ab\\\/\",\"https:\\\/\\\/www.youtube.com\\\/@joab2194\\\/featured\"]},{\"@type\":\"Person\",\"@id\":\"https:\\\/\\\/www.joab.se\\\/#\\\/schema\\\/person\\\/b78ffaec3716e4791fb38ee61ab5a968\",\"name\":\"Elvira Masovic\",\"image\":{\"@type\":\"ImageObject\",\"inLanguage\":\"en-US\",\"@id\":\"https:\\\/\\\/secure.gravatar.com\\\/avatar\\\/346aa068fdbc761677bbba75d8d8c8e6dfd43078ad321cd66a7786ae96d94004?s=96&d=mm&r=g\",\"url\":\"https:\\\/\\\/secure.gravatar.com\\\/avatar\\\/346aa068fdbc761677bbba75d8d8c8e6dfd43078ad321cd66a7786ae96d94004?s=96&d=mm&r=g\",\"contentUrl\":\"https:\\\/\\\/secure.gravatar.com\\\/avatar\\\/346aa068fdbc761677bbba75d8d8c8e6dfd43078ad321cd66a7786ae96d94004?s=96&d=mm&r=g\",\"caption\":\"Elvira Masovic\"},\"url\":\"https:\\\/\\\/www.joab.se\\\/en\\\/author\\\/elvira-masovic\\\/\"}]}<\/script>\n<!-- \/ Yoast SEO plugin. -->","yoast_head_json":{"title":"JOAB inaugurates new production facility - JOAB","description":"JOAB inaugurates new production facility in Blomsterm\u00e5la \u2013 doubling capacity for refuse collection vehicles.","robots":{"index":"index","follow":"follow","max-snippet":"max-snippet:-1","max-image-preview":"max-image-preview:large","max-video-preview":"max-video-preview:-1"},"canonical":"https:\/\/www.joab.se\/en\/joab-inaugurates-new-production-facility\/","og_locale":"en_US","og_type":"article","og_title":"JOAB inaugurates new production facility - JOAB","og_description":"JOAB inaugurates new production facility in Blomsterm\u00e5la \u2013 doubling capacity for refuse collection vehicles.","og_url":"https:\/\/www.joab.se\/en\/joab-inaugurates-new-production-facility\/","og_site_name":"JOAB","article_publisher":"https:\/\/www.facebook.com\/joabsverige\/","article_published_time":"2025-11-24T13:53:36+00:00","article_modified_time":"2025-11-25T08:02:12+00:00","og_image":[{"width":2560,"height":1993,"url":"https:\/\/www.joab.se\/wp-content\/uploads\/2025\/11\/JOAB-Blomstermala-scaled.jpg","type":"image\/jpeg"}],"author":"Elvira Masovic","twitter_card":"summary_large_image","twitter_misc":{"Written by":"Elvira Masovic","Est. reading time":"1 minute"},"schema":{"@context":"https:\/\/schema.org","@graph":[{"@type":"Article","@id":"https:\/\/www.joab.se\/en\/joab-inaugurates-new-production-facility\/#article","isPartOf":{"@id":"https:\/\/www.joab.se\/en\/joab-inaugurates-new-production-facility\/"},"author":{"name":"Elvira Masovic","@id":"https:\/\/www.joab.se\/#\/schema\/person\/b78ffaec3716e4791fb38ee61ab5a968"},"headline":"JOAB inaugurates new production facility","datePublished":"2025-11-24T13:53:36+00:00","dateModified":"2025-11-25T08:02:12+00:00","mainEntityOfPage":{"@id":"https:\/\/www.joab.se\/en\/joab-inaugurates-new-production-facility\/"},"wordCount":415,"publisher":{"@id":"https:\/\/www.joab.se\/#organization"},"image":{"@id":"https:\/\/www.joab.se\/en\/joab-inaugurates-new-production-facility\/#primaryimage"},"thumbnailUrl":"https:\/\/www.joab.se\/wp-content\/uploads\/2025\/11\/JOAB-Blomstermala-scaled.jpg","articleSection":["Allm\u00e4nt"],"inLanguage":"en-US"},{"@type":"WebPage","@id":"https:\/\/www.joab.se\/en\/joab-inaugurates-new-production-facility\/","url":"https:\/\/www.joab.se\/en\/joab-inaugurates-new-production-facility\/","name":"JOAB inaugurates new production facility - JOAB","isPartOf":{"@id":"https:\/\/www.joab.se\/#website"},"primaryImageOfPage":{"@id":"https:\/\/www.joab.se\/en\/joab-inaugurates-new-production-facility\/#primaryimage"},"image":{"@id":"https:\/\/www.joab.se\/en\/joab-inaugurates-new-production-facility\/#primaryimage"},"thumbnailUrl":"https:\/\/www.joab.se\/wp-content\/uploads\/2025\/11\/JOAB-Blomstermala-scaled.jpg","datePublished":"2025-11-24T13:53:36+00:00","dateModified":"2025-11-25T08:02:12+00:00","description":"JOAB inaugurates new production facility in Blomsterm\u00e5la \u2013 doubling capacity for refuse collection vehicles.","breadcrumb":{"@id":"https:\/\/www.joab.se\/en\/joab-inaugurates-new-production-facility\/#breadcrumb"},"inLanguage":"en-US","potentialAction":[{"@type":"ReadAction","target":["https:\/\/www.joab.se\/en\/joab-inaugurates-new-production-facility\/"]}]},{"@type":"ImageObject","inLanguage":"en-US","@id":"https:\/\/www.joab.se\/en\/joab-inaugurates-new-production-facility\/#primaryimage","url":"https:\/\/www.joab.se\/wp-content\/uploads\/2025\/11\/JOAB-Blomstermala-scaled.jpg","contentUrl":"https:\/\/www.joab.se\/wp-content\/uploads\/2025\/11\/JOAB-Blomstermala-scaled.jpg","width":2560,"height":1993},{"@type":"BreadcrumbList","@id":"https:\/\/www.joab.se\/en\/joab-inaugurates-new-production-facility\/#breadcrumb","itemListElement":[{"@type":"ListItem","position":1,"name":"Home","item":"https:\/\/www.joab.se\/en\/"},{"@type":"ListItem","position":2,"name":"JOAB inaugurates new production facility"}]},{"@type":"WebSite","@id":"https:\/\/www.joab.se\/#website","url":"https:\/\/www.joab.se\/","name":"JOAB","description":"En till WordPress-webbplats","publisher":{"@id":"https:\/\/www.joab.se\/#organization"},"potentialAction":[{"@type":"SearchAction","target":{"@type":"EntryPoint","urlTemplate":"https:\/\/www.joab.se\/?s={search_term_string}"},"query-input":{"@type":"PropertyValueSpecification","valueRequired":true,"valueName":"search_term_string"}}],"inLanguage":"en-US"},{"@type":"Organization","@id":"https:\/\/www.joab.se\/#organization","name":"JOAB F\u00f6rs\u00e4ljnings AB","url":"https:\/\/www.joab.se\/","logo":{"@type":"ImageObject","inLanguage":"en-US","@id":"https:\/\/www.joab.se\/#\/schema\/logo\/image\/","url":"https:\/\/www.joab.se\/wp-content\/uploads\/2023\/02\/logo_storre.png","contentUrl":"https:\/\/www.joab.se\/wp-content\/uploads\/2023\/02\/logo_storre.png","width":3100,"height":889,"caption":"JOAB F\u00f6rs\u00e4ljnings AB"},"image":{"@id":"https:\/\/www.joab.se\/#\/schema\/logo\/image\/"},"sameAs":["https:\/\/www.facebook.com\/joabsverige\/","https:\/\/www.instagram.com\/joab.se\/?hl=sv","https:\/\/www.linkedin.com\/company\/joab-ab\/","https:\/\/www.youtube.com\/@joab2194\/featured"]},{"@type":"Person","@id":"https:\/\/www.joab.se\/#\/schema\/person\/b78ffaec3716e4791fb38ee61ab5a968","name":"Elvira Masovic","image":{"@type":"ImageObject","inLanguage":"en-US","@id":"https:\/\/secure.gravatar.com\/avatar\/346aa068fdbc761677bbba75d8d8c8e6dfd43078ad321cd66a7786ae96d94004?s=96&d=mm&r=g","url":"https:\/\/secure.gravatar.com\/avatar\/346aa068fdbc761677bbba75d8d8c8e6dfd43078ad321cd66a7786ae96d94004?s=96&d=mm&r=g","contentUrl":"https:\/\/secure.gravatar.com\/avatar\/346aa068fdbc761677bbba75d8d8c8e6dfd43078ad321cd66a7786ae96d94004?s=96&d=mm&r=g","caption":"Elvira Masovic"},"url":"https:\/\/www.joab.se\/en\/author\/elvira-masovic\/"}]}},"_links":{"self":[{"href":"https:\/\/www.joab.se\/en\/wp-json\/wp\/v2\/posts\/33670","targetHints":{"allow":["GET"]}}],"collection":[{"href":"https:\/\/www.joab.se\/en\/wp-json\/wp\/v2\/posts"}],"about":[{"href":"https:\/\/www.joab.se\/en\/wp-json\/wp\/v2\/types\/post"}],"author":[{"embeddable":true,"href":"https:\/\/www.joab.se\/en\/wp-json\/wp\/v2\/users\/2"}],"replies":[{"embeddable":true,"href":"https:\/\/www.joab.se\/en\/wp-json\/wp\/v2\/comments?post=33670"}],"version-history":[{"count":1,"href":"https:\/\/www.joab.se\/en\/wp-json\/wp\/v2\/posts\/33670\/revisions"}],"predecessor-version":[{"id":33673,"href":"https:\/\/www.joab.se\/en\/wp-json\/wp\/v2\/posts\/33670\/revisions\/33673"}],"wp:featuredmedia":[{"embeddable":true,"href":"https:\/\/www.joab.se\/en\/wp-json\/wp\/v2\/media\/33661"}],"wp:attachment":[{"href":"https:\/\/www.joab.se\/en\/wp-json\/wp\/v2\/media?parent=33670"}],"wp:term":[{"taxonomy":"category","embeddable":true,"href":"https:\/\/www.joab.se\/en\/wp-json\/wp\/v2\/categories?post=33670"},{"taxonomy":"post_tag","embeddable":true,"href":"https:\/\/www.joab.se\/en\/wp-json\/wp\/v2\/tags?post=33670"}],"curies":[{"name":"wp","href":"https:\/\/api.w.org\/{rel}","templated":true}]}}